{"id":116,"date":"2011-03-14T22:23:49","date_gmt":"2011-03-15T01:23:49","guid":{"rendered":"http:\/\/andrerocha.net\/blog\/?p=116"},"modified":"2011-03-14T22:23:49","modified_gmt":"2011-03-15T01:23:49","slug":"nao-e-so-bela-e-eficiente-e-gente","status":"publish","type":"post","link":"https:\/\/andrerocha.net\/blog\/?p=116","title":{"rendered":"N\u00c3O \u00c9 S\u00d3 BELA E EFICIENTE, \u00c9 GENTE!"},"content":{"rendered":"<p>N\u00e3o esqueceremos a origem deste dia, que j\u00e1 foi triste<br \/>\nE por muito tempo a tristeza inspirou tamanha reflex\u00e3o.<br \/>\nMulheres sofreram e sofrem em um mal que ainda resiste<br \/>\nTrabalhar dias a fio sem a m\u00ednima e humana condi\u00e7\u00e3o.<\/p>\n<p>Quantas vidas se perderam at\u00e9 o espa\u00e7o ainda pequeno<br \/>\nO qual as mulheres trabalhadoras ainda visam conquistar.<br \/>\nTer seu lugar ao sol, receber um sorriso, um positivo aceno,<br \/>\nVer seus filhos crescerem e ser amada como bem sabe amar.<\/p>\n<p>Se n\u00e3o fosse o orgulho em reconhecer como ela \u00e9 superior<br \/>\nCertamente os homens conseguiriam a mulher valorizar.<br \/>\nProporcional e natural \u00e9 a sua capacidade para o amor<br \/>\nE como se n\u00e3o bastassem mais tantas qualidades a contar.<\/p>\n<p>Algumas mal escritas linhas em um peda\u00e7o de papel,<br \/>\n\u00c9 o que singelamente dedico neste especial momento.<br \/>\nQue lembramos em homenagear do firmamento ao c\u00e9u,<br \/>\nCada preciosa mulher com o nosso mais belo sentimento.<\/p>\n<p>Andr\u00e9 Rocha<br \/>\nVer\u00e3o 2011<\/p>\n","protected":false},"excerpt":{"rendered":"<p>N\u00e3o esqueceremos a origem deste dia, que j\u00e1 foi triste E por muito tempo a tristeza inspirou tamanha reflex\u00e3o. Mulheres sofreram e sofrem em um mal que ainda resiste Trabalhar dias a fio sem a m\u00ednima e humana condi\u00e7\u00e3o. Quantas vidas se perderam at\u00e9 o espa\u00e7o ainda pequeno O qual as mulheres trabalhadoras ainda visam [&hellip;]<\/p>\n","protected":false},"author":1,"featured_media":0,"comment_status":"open","ping_status":"closed","sticky":false,"template":"","format":"standard","meta":{"footnotes":""},"categories":[6],"tags":[71,28,70,72],"class_list":["post-116","post","type-post","status-publish","format-standard","hentry","category-poesias","tag-gente","tag-homenagem","tag-mulher","tag-reflexao"],"_links":{"self":[{"href":"https:\/\/andrerocha.net\/blog\/index.php?rest_route=\/wp\/v2\/posts\/116","targetHints":{"allow":["GET"]}}],"collection":[{"href":"https:\/\/andrerocha.net\/blog\/index.php?rest_route=\/wp\/v2\/posts"}],"about":[{"href":"https:\/\/andrerocha.net\/blog\/index.php?rest_route=\/wp\/v2\/types\/post"}],"author":[{"embeddable":true,"href":"https:\/\/andrerocha.net\/blog\/index.php?rest_route=\/wp\/v2\/users\/1"}],"replies":[{"embeddable":true,"href":"https:\/\/andrerocha.net\/blog\/index.php?rest_route=%2Fwp%2Fv2%2Fcomments&post=116"}],"version-history":[{"count":2,"href":"https:\/\/andrerocha.net\/blog\/index.php?rest_route=\/wp\/v2\/posts\/116\/revisions"}],"predecessor-version":[{"id":118,"href":"https:\/\/andrerocha.net\/blog\/index.php?rest_route=\/wp\/v2\/posts\/116\/revisions\/118"}],"wp:attachment":[{"href":"https:\/\/andrerocha.net\/blog\/index.php?rest_route=%2Fwp%2Fv2%2Fmedia&parent=116"}],"wp:term":[{"taxonomy":"category","embeddable":true,"href":"https:\/\/andrerocha.net\/blog\/index.php?rest_route=%2Fwp%2Fv2%2Fcategories&post=116"},{"taxonomy":"post_tag","embeddable":true,"href":"https:\/\/andrerocha.net\/blog\/index.php?rest_route=%2Fwp%2Fv2%2Ftags&post=116"}],"curies":[{"name":"wp","href":"https:\/\/api.w.org\/{rel}","templated":true}]}}