{"id":171,"date":"2012-04-21T00:07:09","date_gmt":"2012-04-21T03:07:09","guid":{"rendered":"http:\/\/andrerocha.net\/blog\/?p=171"},"modified":"2012-04-21T00:22:40","modified_gmt":"2012-04-21T03:22:40","slug":"brasilha","status":"publish","type":"post","link":"https:\/\/andrerocha.net\/blog\/?p=171","title":{"rendered":"BrasILHA"},"content":{"rendered":"<p>Bras\u00edlia at\u00e9 hoje melhor n\u00e3o se viu<br \/>\nSuaves formas, frio concreto.<br \/>\nAfinal quem te construiu<br \/>\nS\u00f3 leva o t\u00edtulo de arquiteto?<\/p>\n<p>Bras\u00edlia de pedra e de flor<br \/>\nQual seria melhor inspira\u00e7\u00e3o?<br \/>\nBras\u00edlia tamb\u00e9m de fel e dor<br \/>\nQuem teria a explica\u00e7\u00e3o?<\/p>\n<p>Bras\u00edlia do her\u00f3i e do cidad\u00e3o<br \/>\nQue cada dia a mais tenta viver.<br \/>\nBras\u00edlia do burocrata e do ladr\u00e3o<br \/>\nQuem tentar\u00e1 se defender?<\/p>\n<p>Bras\u00edlia que tanto se mostra bela<br \/>\nDo passado ao futuro em um segundo.<br \/>\nApesar do que entristece e traz sequela<br \/>\nAinda te quero a outro lugar no mundo.<\/p>\n<p>Bras\u00edlia: mistura da mistura brasileira<br \/>\nCada cidad\u00e3o que \u00e9 acolhido.<br \/>\nE mesmo na passagem mais ligeira<br \/>\nA tudo de bom acaba rendido.<\/p>\n<p>Aos an\u00f4nimos e aos conhecidos<br \/>\nMinha homenagem!<br \/>\nAos m\u00e1rtires e alguns esquecidos,<br \/>\nMinha homenagem!<br \/>\nAos vencedores e aos vencidos,<br \/>\nMinha homenagem!<br \/>\nAos pol\u00edticos bandidos,<br \/>\nMinha mensagem!<\/p>\n<p>Andr\u00e9 Rocha<\/p>\n","protected":false},"excerpt":{"rendered":"<p>Bras\u00edlia at\u00e9 hoje melhor n\u00e3o se viu Suaves formas, frio concreto. Afinal quem te construiu S\u00f3 leva o t\u00edtulo de arquiteto? Bras\u00edlia de pedra e de flor Qual seria melhor inspira\u00e7\u00e3o? Bras\u00edlia tamb\u00e9m de fel e dor Quem teria a explica\u00e7\u00e3o? Bras\u00edlia do her\u00f3i e do cidad\u00e3o Que cada dia a mais tenta viver. Bras\u00edlia [&hellip;]<\/p>\n","protected":false},"author":1,"featured_media":0,"comment_status":"open","ping_status":"closed","sticky":false,"template":"","format":"standard","meta":{"footnotes":""},"categories":[6,7],"tags":[15,13,101],"class_list":["post-171","post","type-post","status-publish","format-standard","hentry","category-poesias","category-textos","tag-aniversario","tag-brasilia","tag-protesto"],"_links":{"self":[{"href":"https:\/\/andrerocha.net\/blog\/index.php?rest_route=\/wp\/v2\/posts\/171","targetHints":{"allow":["GET"]}}],"collection":[{"href":"https:\/\/andrerocha.net\/blog\/index.php?rest_route=\/wp\/v2\/posts"}],"about":[{"href":"https:\/\/andrerocha.net\/blog\/index.php?rest_route=\/wp\/v2\/types\/post"}],"author":[{"embeddable":true,"href":"https:\/\/andrerocha.net\/blog\/index.php?rest_route=\/wp\/v2\/users\/1"}],"replies":[{"embeddable":true,"href":"https:\/\/andrerocha.net\/blog\/index.php?rest_route=%2Fwp%2Fv2%2Fcomments&post=171"}],"version-history":[{"count":7,"href":"https:\/\/andrerocha.net\/blog\/index.php?rest_route=\/wp\/v2\/posts\/171\/revisions"}],"predecessor-version":[{"id":178,"href":"https:\/\/andrerocha.net\/blog\/index.php?rest_route=\/wp\/v2\/posts\/171\/revisions\/178"}],"wp:attachment":[{"href":"https:\/\/andrerocha.net\/blog\/index.php?rest_route=%2Fwp%2Fv2%2Fmedia&parent=171"}],"wp:term":[{"taxonomy":"category","embeddable":true,"href":"https:\/\/andrerocha.net\/blog\/index.php?rest_route=%2Fwp%2Fv2%2Fcategories&post=171"},{"taxonomy":"post_tag","embeddable":true,"href":"https:\/\/andrerocha.net\/blog\/index.php?rest_route=%2Fwp%2Fv2%2Ftags&post=171"}],"curies":[{"name":"wp","href":"https:\/\/api.w.org\/{rel}","templated":true}]}}