{"id":341,"date":"2016-07-13T13:12:48","date_gmt":"2016-07-13T16:12:48","guid":{"rendered":"http:\/\/andrerocha.net\/blog\/?p=341"},"modified":"2016-07-13T13:12:48","modified_gmt":"2016-07-13T16:12:48","slug":"oficina-de-criacao-poetica-na-32a-feira-do-livro","status":"publish","type":"post","link":"https:\/\/andrerocha.net\/blog\/?p=341","title":{"rendered":"Oficina de Cria\u00e7\u00e3o Po\u00e9tica na 32\u00aa Feira do Livro"},"content":{"rendered":"<p><a href=\"https:\/\/andrerocha.net\/blog\/wp-content\/uploads\/2016\/07\/Oficina-de-Cria\u00e7\u00e3o-Po\u00e9tica.png\"><img loading=\"lazy\" decoding=\"async\" class=\"aligncenter size-full wp-image-342\" src=\"https:\/\/andrerocha.net\/blog\/wp-content\/uploads\/2016\/07\/Oficina-de-Cria\u00e7\u00e3o-Po\u00e9tica.png\" alt=\"Oficina de Cria\u00e7\u00e3o Po\u00e9tica\" width=\"800\" height=\"712\" srcset=\"https:\/\/andrerocha.net\/blog\/wp-content\/uploads\/2016\/07\/Oficina-de-Cria\u00e7\u00e3o-Po\u00e9tica.png 800w, https:\/\/andrerocha.net\/blog\/wp-content\/uploads\/2016\/07\/Oficina-de-Cria\u00e7\u00e3o-Po\u00e9tica-300x267.png 300w, https:\/\/andrerocha.net\/blog\/wp-content\/uploads\/2016\/07\/Oficina-de-Cria\u00e7\u00e3o-Po\u00e9tica-768x684.png 768w\" sizes=\"auto, (max-width: 800px) 100vw, 800px\" \/><\/a><\/p>\n","protected":false},"excerpt":{"rendered":"","protected":false},"author":1,"featured_media":0,"comment_status":"closed","ping_status":"closed","sticky":false,"template":"","format":"standard","meta":{"footnotes":""},"categories":[6],"tags":[175,173,55,174,30],"class_list":["post-341","post","type-post","status-publish","format-standard","hentry","category-poesias","tag-criacao","tag-feira-do-livro","tag-inspiracao","tag-oficina","tag-poesia"],"_links":{"self":[{"href":"https:\/\/andrerocha.net\/blog\/index.php?rest_route=\/wp\/v2\/posts\/341","targetHints":{"allow":["GET"]}}],"collection":[{"href":"https:\/\/andrerocha.net\/blog\/index.php?rest_route=\/wp\/v2\/posts"}],"about":[{"href":"https:\/\/andrerocha.net\/blog\/index.php?rest_route=\/wp\/v2\/types\/post"}],"author":[{"embeddable":true,"href":"https:\/\/andrerocha.net\/blog\/index.php?rest_route=\/wp\/v2\/users\/1"}],"replies":[{"embeddable":true,"href":"https:\/\/andrerocha.net\/blog\/index.php?rest_route=%2Fwp%2Fv2%2Fcomments&post=341"}],"version-history":[{"count":1,"href":"https:\/\/andrerocha.net\/blog\/index.php?rest_route=\/wp\/v2\/posts\/341\/revisions"}],"predecessor-version":[{"id":343,"href":"https:\/\/andrerocha.net\/blog\/index.php?rest_route=\/wp\/v2\/posts\/341\/revisions\/343"}],"wp:attachment":[{"href":"https:\/\/andrerocha.net\/blog\/index.php?rest_route=%2Fwp%2Fv2%2Fmedia&parent=341"}],"wp:term":[{"taxonomy":"category","embeddable":true,"href":"https:\/\/andrerocha.net\/blog\/index.php?rest_route=%2Fwp%2Fv2%2Fcategories&post=341"},{"taxonomy":"post_tag","embeddable":true,"href":"https:\/\/andrerocha.net\/blog\/index.php?rest_route=%2Fwp%2Fv2%2Ftags&post=341"}],"curies":[{"name":"wp","href":"https:\/\/api.w.org\/{rel}","templated":true}]}}