{"id":62,"date":"2010-11-09T09:30:26","date_gmt":"2010-11-09T12:30:26","guid":{"rendered":"http:\/\/andrerocha.net\/blog\/?p=62"},"modified":"2010-11-09T09:30:26","modified_gmt":"2010-11-09T12:30:26","slug":"mini-cronica-sobre-o-trabalho-dependendo-do-trabalho","status":"publish","type":"post","link":"https:\/\/andrerocha.net\/blog\/?p=62","title":{"rendered":"Mini cr\u00f4nica sobre o trabalho dependendo do trabalho"},"content":{"rendered":"<p>O que eu antes n\u00e3o pensava, agora resolvi pensar, a prop\u00f3sito, pensar e escrever. Neste quieto de t\u00e3o nublado dia, a falta do imponente Sol, deixa minha casa fria, e se, n\u00e3o fosse o calor da fam\u00edlia, poderia acabar achando triste tudo a minha volta. Hoje, por vezes penso no tanto sonolento que estou, pois para compensar minha aus\u00eancia em determinado momento, care\u00e7o chegar mais cedo. Sempre dizem que o trabalho enobrece o homem, mas eu diria que o excesso de trabalho cansa, e \u00e0s vezes tanto que desmotiva a realiza\u00e7\u00e3o de mais trabalho. Pareceu repetitivo? \u00c9 de prop\u00f3sito, para mostrar que trabalho demais n\u00e3o \u00e9 legal. Durante as primeiras horas de mais este dia aguardei a chegada de informa\u00e7\u00f5es da qual dependem os meus afazeres de praxe que por sua vez far\u00e3o outras pessoas dependerem de mim, \u00e9 um ciclo vicioso e perigoso, pois se nada acontece \u201cl\u00e1 em cima\u201d, t\u00e3o inerte ficam as coisas aqui em baixo. O mais curioso neste momento \u00e9 presenciar problemas de adolescentes em conflitos com professores e relembrar que eu os tive h\u00e1 algum tempo atr\u00e1s, refleti a respeito: ser\u00e1 que eles ter\u00e3o meus problemas no futuro? Enfrentando dias nublados, noites de pouco sono e depender\u00e3o do trabalho de outros para trabalhar? Bom, melhor voltar ao meu pr\u00f3prio trabalho.<\/p>\n","protected":false},"excerpt":{"rendered":"<p>O que eu antes n\u00e3o pensava, agora resolvi pensar, a prop\u00f3sito, pensar e escrever. Neste quieto de t\u00e3o nublado dia, a falta do imponente Sol, deixa minha casa fria, e se, n\u00e3o fosse o calor da fam\u00edlia, poderia acabar achando triste tudo a minha volta. Hoje, por vezes penso no tanto sonolento que estou, pois [&hellip;]<\/p>\n","protected":false},"author":1,"featured_media":0,"comment_status":"open","ping_status":"closed","sticky":false,"template":"","format":"standard","meta":{"footnotes":""},"categories":[7],"tags":[41,42,40],"class_list":["post-62","post","type-post","status-publish","format-standard","hentry","category-textos","tag-cansaco","tag-problemas","tag-trabalho"],"_links":{"self":[{"href":"https:\/\/andrerocha.net\/blog\/index.php?rest_route=\/wp\/v2\/posts\/62","targetHints":{"allow":["GET"]}}],"collection":[{"href":"https:\/\/andrerocha.net\/blog\/index.php?rest_route=\/wp\/v2\/posts"}],"about":[{"href":"https:\/\/andrerocha.net\/blog\/index.php?rest_route=\/wp\/v2\/types\/post"}],"author":[{"embeddable":true,"href":"https:\/\/andrerocha.net\/blog\/index.php?rest_route=\/wp\/v2\/users\/1"}],"replies":[{"embeddable":true,"href":"https:\/\/andrerocha.net\/blog\/index.php?rest_route=%2Fwp%2Fv2%2Fcomments&post=62"}],"version-history":[{"count":2,"href":"https:\/\/andrerocha.net\/blog\/index.php?rest_route=\/wp\/v2\/posts\/62\/revisions"}],"predecessor-version":[{"id":133,"href":"https:\/\/andrerocha.net\/blog\/index.php?rest_route=\/wp\/v2\/posts\/62\/revisions\/133"}],"wp:attachment":[{"href":"https:\/\/andrerocha.net\/blog\/index.php?rest_route=%2Fwp%2Fv2%2Fmedia&parent=62"}],"wp:term":[{"taxonomy":"category","embeddable":true,"href":"https:\/\/andrerocha.net\/blog\/index.php?rest_route=%2Fwp%2Fv2%2Fcategories&post=62"},{"taxonomy":"post_tag","embeddable":true,"href":"https:\/\/andrerocha.net\/blog\/index.php?rest_route=%2Fwp%2Fv2%2Ftags&post=62"}],"curies":[{"name":"wp","href":"https:\/\/api.w.org\/{rel}","templated":true}]}}